{"id":204,"date":"2011-10-30T23:58:12","date_gmt":"2011-10-30T22:58:12","guid":{"rendered":"http:\/\/www.buecherbaum.eu\/?p=204"},"modified":"2011-12-05T23:59:20","modified_gmt":"2011-12-05T22:59:20","slug":"libertree-%e2%80%93-bucherbaume-uberwinden-mauern-neue-ausstellung-im-nahbereich-bis-zum-02-11-2011","status":"publish","type":"post","link":"https:\/\/www.buecherbaum.eu\/?p=204","title":{"rendered":"Libertree \u2013 B\u00fccherb\u00e4ume \u00fcberwinden Mauern &#8211; Neue Ausstellung im Nahbereich bis zum 02.11.2011"},"content":{"rendered":"<div class=\"fcbkbttn_buttons_block\" id=\"fcbkbttn_left\"><div class=\"fcbkbttn_button\">\n                            <a href=\"https:\/\/www.facebook.com\/\" target=\"_blank\">\n                                <img src=\"https:\/\/www.buecherbaum.eu\/wp-content\/plugins\/facebook-button-plugin\/images\/standard-facebook-ico.png\" alt=\"Fb-Button\" \/>\n                            <\/a>\n                        <\/div><div class=\"fcbkbttn_like \"><fb:like href=\"https:\/\/www.buecherbaum.eu\/?p=204\" action=\"like\" colorscheme=\"light\" layout=\"standard\" show-faces='false' width=\"225px\" size=\"small\"><\/fb:like><\/div><\/div><p>Am Anfang stand ein Traum, der Traum von einem B\u00fccherbaum, der Gef\u00e4ngnismauern \u00fcberwindet. Weltweit setzen sich Menschen damit auseinander, welche Bedeutung das Lesen von B\u00fcchern innerhalb und   au\u00dferhalb von Gef\u00e4ngnismauern und anderen Barrieren hat. Herausgekommen sind kreative Beitr\u00e4ge, wie Zeichnungen, Collagen, Gedichte und Lieder sowie die Erkenntnis: B\u00fccher verbinden Menschen \u00fcber jegliche Mauern hinweg. Die Ausstellung &#8222;Libertree&#8220; pr\u00e4sentiert eine Auswahl der kreativen Sch\u00f6pfungen und soll zu neuem Austausch anregen und f\u00fcr die Bedeutung konstruktiver Medienangebote f\u00fcr Menschen in Haft und Arrest sensibilisieren. &#8222;Libertree&#8220; ist eine gemeinsame Ausstellung von Stadtb\u00fccherei M\u00fcnster, F\u00f6rderverein Gefangenenb\u00fccherei e.V.<br \/>\nErg\u00e4nzt wird die Ausstellung von einer Medienauswahl rund um das Malen, Zeichnen aber auch kreatives Schreiben.<\/p>\n","protected":false},"excerpt":{"rendered":"<p>Am Anfang stand ein Traum, der Traum von einem B\u00fccherbaum, der Gef\u00e4ngnismauern \u00fcberwindet. Weltweit setzen sich Menschen damit auseinander, welche Bedeutung das Lesen von B\u00fcchern innerhalb und au\u00dferhalb von Gef\u00e4ngnismauern und anderen Barrieren hat. Herausgekommen sind kreative Beitr\u00e4ge, wie Zeichnungen, &hellip; <a href=\"https:\/\/www.buecherbaum.eu\/?p=204\">Continue reading <span class=\"meta-nav\">&rarr;<\/span><\/a><\/p>\n","protected":false},"author":5,"featured_media":0,"comment_status":"open","ping_status":"closed","sticky":false,"template":"","format":"standard","meta":{"ngg_post_thumbnail":0},"categories":[1],"tags":[],"_links":{"self":[{"href":"https:\/\/www.buecherbaum.eu\/index.php?rest_route=\/wp\/v2\/posts\/204"}],"collection":[{"href":"https:\/\/www.buecherbaum.eu\/index.php?rest_route=\/wp\/v2\/posts"}],"about":[{"href":"https:\/\/www.buecherbaum.eu\/index.php?rest_route=\/wp\/v2\/types\/post"}],"author":[{"embeddable":true,"href":"https:\/\/www.buecherbaum.eu\/index.php?rest_route=\/wp\/v2\/users\/5"}],"replies":[{"embeddable":true,"href":"https:\/\/www.buecherbaum.eu\/index.php?rest_route=%2Fwp%2Fv2%2Fcomments&post=204"}],"version-history":[{"count":3,"href":"https:\/\/www.buecherbaum.eu\/index.php?rest_route=\/wp\/v2\/posts\/204\/revisions"}],"predecessor-version":[{"id":207,"href":"https:\/\/www.buecherbaum.eu\/index.php?rest_route=\/wp\/v2\/posts\/204\/revisions\/207"}],"wp:attachment":[{"href":"https:\/\/www.buecherbaum.eu\/index.php?rest_route=%2Fwp%2Fv2%2Fmedia&parent=204"}],"wp:term":[{"taxonomy":"category","embeddable":true,"href":"https:\/\/www.buecherbaum.eu\/index.php?rest_route=%2Fwp%2Fv2%2Fcategories&post=204"},{"taxonomy":"post_tag","embeddable":true,"href":"https:\/\/www.buecherbaum.eu\/index.php?rest_route=%2Fwp%2Fv2%2Ftags&post=204"}],"curies":[{"name":"wp","href":"https:\/\/api.w.org\/{rel}","templated":true}]}}