{"id":233,"date":"2010-01-06T10:12:28","date_gmt":"2010-01-06T09:12:28","guid":{"rendered":"http:\/\/www.buecherbaum.eu\/?p=233"},"modified":"2011-12-06T10:54:34","modified_gmt":"2011-12-06T09:54:34","slug":"dialog-uber-alles-rund-um-den-bucherbaum","status":"publish","type":"post","link":"https:\/\/www.buecherbaum.eu\/?p=233","title":{"rendered":"Dialog \u00fcber alles rund um den B\u00fccherbaum"},"content":{"rendered":"<div class=\"fcbkbttn_buttons_block\" id=\"fcbkbttn_left\"><div class=\"fcbkbttn_button\">\n                            <a href=\"https:\/\/www.facebook.com\/\" target=\"_blank\">\n                                <img src=\"https:\/\/www.buecherbaum.eu\/wp-content\/plugins\/facebook-button-plugin\/images\/standard-facebook-ico.png\" alt=\"Fb-Button\" \/>\n                            <\/a>\n                        <\/div><div class=\"fcbkbttn_like \"><fb:like href=\"https:\/\/www.buecherbaum.eu\/?p=233\" action=\"like\" colorscheme=\"light\" layout=\"standard\" show-faces='false' width=\"225px\" size=\"small\"><\/fb:like><\/div><\/div><p>Liebe Leserinnen und Leser der Homepage LIBERTREE!<br \/>\nHiermit lade ich Sie \/ Euch ein zum Dialog \u00fcber meinen Traum vom B\u00fccherbaum auf der Gef\u00e4ngnismauer und den dazu\u00a0erschienenen Beitr\u00e4gen.<br \/>\nMenschen unterschiedlicher Nationen in verschiedenen Situationen von Jung bis Alt von Laien und Profis teilen den Traum auf ihre Art. Was verbindet alle diese Menschen mit dem Traum? Was verbinden Sie bzw. verbindest Du mit ihm?<br \/>\nWelche Erfahrungen von Freiheit in Grenzen, von freiwilligen oder unfreiwilligen Einschr\u00e4nkungen verbinden Sie oder verbindest Du damit?<br \/>\nIm Traum gilt es\u00a0zun\u00e4chst, die Mauer als Grenze n\u00fcchtern zu realisieren, statt dagegen zu rebellieren. Die phantastische \u00dcberraschung ist, wie der darauf wachsende Baum seinen Standort auf dieser Grenze hat und durch seine Wurzeln und Arme auf beiden Mauerseiten diese verbindet \u2013 insbesondere durch seine Fr\u00fcchte: vielf\u00e4ltige B\u00fccher. Diese sind\u00a0Ausdruck von Leben in der bunten Vielfalt der Menschen. Sie stehen f\u00fcr die Lebendigkeit der Sprache.<br \/>\nSo mag auch hier die Kommentarfunktion zum Dialog einladen und neue Verbindungen schaffen.<br \/>\nDazu sei hier eingeladen und ermutigt.<\/p>\n<p>Alle\u00a0Dialogpartner gr\u00fc\u00dft\u00a0freundlich<br \/>\nGerhard Peschers<\/p>\n","protected":false},"excerpt":{"rendered":"<p>Liebe Leserinnen und Leser der Homepage LIBERTREE! Hiermit lade ich Sie \/ Euch ein zum Dialog \u00fcber meinen Traum vom B\u00fccherbaum auf der Gef\u00e4ngnismauer und den dazu\u00a0erschienenen Beitr\u00e4gen. Menschen unterschiedlicher Nationen in verschiedenen Situationen von Jung bis Alt von Laien &hellip; <a href=\"https:\/\/www.buecherbaum.eu\/?p=233\">Continue reading <span class=\"meta-nav\">&rarr;<\/span><\/a><\/p>\n","protected":false},"author":5,"featured_media":0,"comment_status":"open","ping_status":"closed","sticky":false,"template":"","format":"standard","meta":{"ngg_post_thumbnail":0},"categories":[15],"tags":[],"_links":{"self":[{"href":"https:\/\/www.buecherbaum.eu\/index.php?rest_route=\/wp\/v2\/posts\/233"}],"collection":[{"href":"https:\/\/www.buecherbaum.eu\/index.php?rest_route=\/wp\/v2\/posts"}],"about":[{"href":"https:\/\/www.buecherbaum.eu\/index.php?rest_route=\/wp\/v2\/types\/post"}],"author":[{"embeddable":true,"href":"https:\/\/www.buecherbaum.eu\/index.php?rest_route=\/wp\/v2\/users\/5"}],"replies":[{"embeddable":true,"href":"https:\/\/www.buecherbaum.eu\/index.php?rest_route=%2Fwp%2Fv2%2Fcomments&post=233"}],"version-history":[{"count":5,"href":"https:\/\/www.buecherbaum.eu\/index.php?rest_route=\/wp\/v2\/posts\/233\/revisions"}],"predecessor-version":[{"id":236,"href":"https:\/\/www.buecherbaum.eu\/index.php?rest_route=\/wp\/v2\/posts\/233\/revisions\/236"}],"wp:attachment":[{"href":"https:\/\/www.buecherbaum.eu\/index.php?rest_route=%2Fwp%2Fv2%2Fmedia&parent=233"}],"wp:term":[{"taxonomy":"category","embeddable":true,"href":"https:\/\/www.buecherbaum.eu\/index.php?rest_route=%2Fwp%2Fv2%2Fcategories&post=233"},{"taxonomy":"post_tag","embeddable":true,"href":"https:\/\/www.buecherbaum.eu\/index.php?rest_route=%2Fwp%2Fv2%2Ftags&post=233"}],"curies":[{"name":"wp","href":"https:\/\/api.w.org\/{rel}","templated":true}]}}