{"id":251,"date":"2010-12-06T10:49:37","date_gmt":"2010-12-06T09:49:37","guid":{"rendered":"http:\/\/www.buecherbaum.eu\/?p=251"},"modified":"2011-12-06T10:50:20","modified_gmt":"2011-12-06T09:50:20","slug":"olivenbaumchen-aus-palastina","status":"publish","type":"post","link":"https:\/\/www.buecherbaum.eu\/?p=251","title":{"rendered":"\u00d6livenb\u00e4umchen aus Pal\u00e4stina"},"content":{"rendered":"<div class=\"fcbkbttn_buttons_block\" id=\"fcbkbttn_left\"><div class=\"fcbkbttn_button\">\n                            <a href=\"https:\/\/www.facebook.com\/\" target=\"_blank\">\n                                <img src=\"https:\/\/www.buecherbaum.eu\/wp-content\/plugins\/facebook-button-plugin\/images\/standard-facebook-ico.png\" alt=\"Fb-Button\" \/>\n                            <\/a>\n                        <\/div><div class=\"fcbkbttn_like \"><fb:like href=\"https:\/\/www.buecherbaum.eu\/?p=251\" action=\"like\" colorscheme=\"light\" layout=\"standard\" show-faces='false' width=\"225px\" size=\"small\"><\/fb:like><\/div><\/div><p>\u00d6livenb\u00e4umchen aus Pal\u00e4stina findet Platz in israelischem Klostergarten, Jerusalem, 05 \/ 2008<br \/>\nBundesverband Alphabetisierung wirbt mit Plakatmotiv vom Mauerb\u00fccherbaum zum Motto \u201cBuchstaben \u00fcberwinden Mauern\u201d, JVA M\u00fcnster, 08 \/ 2008<br \/>\nLesungen eines Autors beiderseits der Gef\u00e4ngnismauer \u2013 zum Beispiel:<br \/>\nAnant Kumar in Cafe Welb\u00fchne der Evangelischen Studierendemgemeinde und Gefangenenb\u00fccherei M\u00fcnster, 01 \/ 2007;<br \/>\nWolfgang Hohlbein in Stadtb\u00fccherei und Gefangenenb\u00fcchrei M\u00fcnster, 04 \/ 2007;<br \/>\nSten Nadolny in Gefangenenb\u00fccherei M\u00fcnster und Ballenlager Greven, 04 \/ 2008;<br \/>\nErich Loest in der Stadtb\u00fccherei + Gefangenenb\u00fccherei M\u00fcnster, 10 \/ 2008;<br \/>\nJiri Grusa im Adolph-Kolping-Berufskolleg und der Gefangenenb\u00fccherei M\u00fcnster, 11 \/ 2009<\/p>\n","protected":false},"excerpt":{"rendered":"<p>\u00d6livenb\u00e4umchen aus Pal\u00e4stina findet Platz in israelischem Klostergarten, Jerusalem, 05 \/ 2008 Bundesverband Alphabetisierung wirbt mit Plakatmotiv vom Mauerb\u00fccherbaum zum Motto \u201cBuchstaben \u00fcberwinden Mauern\u201d, JVA M\u00fcnster, 08 \/ 2008 Lesungen eines Autors beiderseits der Gef\u00e4ngnismauer \u2013 zum Beispiel: Anant Kumar &hellip; <a href=\"https:\/\/www.buecherbaum.eu\/?p=251\">Continue reading <span class=\"meta-nav\">&rarr;<\/span><\/a><\/p>\n","protected":false},"author":5,"featured_media":0,"comment_status":"open","ping_status":"closed","sticky":false,"template":"","format":"standard","meta":{"ngg_post_thumbnail":0},"categories":[1],"tags":[],"_links":{"self":[{"href":"https:\/\/www.buecherbaum.eu\/index.php?rest_route=\/wp\/v2\/posts\/251"}],"collection":[{"href":"https:\/\/www.buecherbaum.eu\/index.php?rest_route=\/wp\/v2\/posts"}],"about":[{"href":"https:\/\/www.buecherbaum.eu\/index.php?rest_route=\/wp\/v2\/types\/post"}],"author":[{"embeddable":true,"href":"https:\/\/www.buecherbaum.eu\/index.php?rest_route=\/wp\/v2\/users\/5"}],"replies":[{"embeddable":true,"href":"https:\/\/www.buecherbaum.eu\/index.php?rest_route=%2Fwp%2Fv2%2Fcomments&post=251"}],"version-history":[{"count":2,"href":"https:\/\/www.buecherbaum.eu\/index.php?rest_route=\/wp\/v2\/posts\/251\/revisions"}],"predecessor-version":[{"id":253,"href":"https:\/\/www.buecherbaum.eu\/index.php?rest_route=\/wp\/v2\/posts\/251\/revisions\/253"}],"wp:attachment":[{"href":"https:\/\/www.buecherbaum.eu\/index.php?rest_route=%2Fwp%2Fv2%2Fmedia&parent=251"}],"wp:term":[{"taxonomy":"category","embeddable":true,"href":"https:\/\/www.buecherbaum.eu\/index.php?rest_route=%2Fwp%2Fv2%2Fcategories&post=251"},{"taxonomy":"post_tag","embeddable":true,"href":"https:\/\/www.buecherbaum.eu\/index.php?rest_route=%2Fwp%2Fv2%2Ftags&post=251"}],"curies":[{"name":"wp","href":"https:\/\/api.w.org\/{rel}","templated":true}]}}