{"id":257,"date":"2011-12-06T14:21:43","date_gmt":"2011-12-06T13:21:43","guid":{"rendered":"http:\/\/www.buecherbaum.eu\/?p=257"},"modified":"2011-12-13T10:44:18","modified_gmt":"2011-12-13T09:44:18","slug":"libertree-bucherbaume-uberbrucken-mauern-wanderausstellung","status":"publish","type":"post","link":"https:\/\/www.buecherbaum.eu\/?p=257","title":{"rendered":"LIBERTREE &#8211; B\u00fccherb\u00e4ume \u00fcberbr\u00fccken Mauern &#8211; Wanderausstellung"},"content":{"rendered":"<div class=\"fcbkbttn_buttons_block\" id=\"fcbkbttn_left\"><div class=\"fcbkbttn_button\">\n                            <a href=\"https:\/\/www.facebook.com\/\" target=\"_blank\">\n                                <img src=\"https:\/\/www.buecherbaum.eu\/wp-content\/plugins\/facebook-button-plugin\/images\/standard-facebook-ico.png\" alt=\"Fb-Button\" \/>\n                            <\/a>\n                        <\/div><div class=\"fcbkbttn_like \"><fb:like href=\"https:\/\/www.buecherbaum.eu\/?p=257\" action=\"like\" colorscheme=\"light\" layout=\"standard\" show-faces='false' width=\"225px\" size=\"small\"><\/fb:like><\/div><\/div><p><a href=\"http:\/\/www.buecherbaum.eu\/wp-content\/uploads\/2011\/12\/Bildschirmfoto-2011-12-06-um-14.22.521.png\"><img loading=\"lazy\" class=\"alignleft size-full wp-image-263\" title=\"Bildschirmfoto 2011-12-06 um 14.22.52\" src=\"http:\/\/www.buecherbaum.eu\/wp-content\/uploads\/2011\/12\/Bildschirmfoto-2011-12-06-um-14.22.521.png\" alt=\"\" width=\"580\" height=\"588\" srcset=\"https:\/\/www.buecherbaum.eu\/wp-content\/uploads\/2011\/12\/Bildschirmfoto-2011-12-06-um-14.22.521.png 580w, https:\/\/www.buecherbaum.eu\/wp-content\/uploads\/2011\/12\/Bildschirmfoto-2011-12-06-um-14.22.521-295x300.png 295w\" sizes=\"(max-width: 580px) 100vw, 580px\" \/><\/a><\/p>\n<p>&nbsp;<\/p>\n<p>Im Oktober 2010 wurde auf der Frankfurter Buchmesse die Ausstellung \u201cLIBERTREE. B\u00fccherb\u00e4ume \u00fcberbr\u00fccken Mauern\u201d gezeigt. Dieses au\u00dfergew\u00f6hnliche Projekt wurde bereits<br \/>\nvon zahlreichen Menschen rund um den Globus unterst\u00fctzt. Am Anfang stand ein Traum, der Traum von einem B\u00fccherbaum, der Gef\u00e4ngnismauern \u00fcberwindet.<br \/>\nWeltweit setzten und setzen sich weiterhin Menschen damit auseinander, welche Bedeutung<br \/>\ndas Lesen von B\u00fcchern innerhalb und au\u00dferhalb von Gef\u00e4ngnismauern und anderen Barrieren hat. Herausgekommen sind kreative Beitr\u00e4ge, wie Zeichnungen, Collagen, Gedichte und Lieder sowie die Erkenntnis: B\u00fccher verbinden Menschen \u00fcber jegliche Mauern hinweg.<br \/>\nDie Ausstellung pr\u00e4sentiert eine Auswahl der kreativen Sch\u00f6pfungen und soll zu neuem<br \/>\nAustausch anregen und f\u00fcr die Bedeutung konstruktiver Medienangebote f\u00fcr Menschen in Haft und Arrest sensibilisieren. Die Schau wurde im Hinblick auf eine Pr\u00e4sentation an verschiedenen<br \/>\nOrten konzipiert, so dass sich die handlichen und optisch ansprechenden Tafeln sehr gut zur Wanderschaft eignen.<\/p>\n<p>Der Umfang betr\u00e4gt:<br \/>\nAnzahl: 34 Forextafeln (1 Einf\u00fchrungstafel, 1 Impressumstafel, 32 Bildtafeln zur Auswahl;<br \/>\nauf den Tafeln sind die Erl\u00e4uterungen zum jeweiligen Kunstwerk und K\u00fcnstler enthalten)<br \/>\nFormat: DIN A1, Hochformat<br \/>\nAnbringung: h\u00e4ngend, Bilderhaken sowie Nylonschnur sind an jeder Tafel vorhanden; alternativ: vier Klettbandstreifen sind an jeder Tafel-R\u00fcckseite vorhanden<br \/>\nWeiteres Material: Brosch\u00fcre DIN A4 in Druckform; Vereinsflyer<br \/>\nDie Ausstellung kann kostenfrei f\u00fcr einen befristeten Zeitraum \u00fcbernommen werden. \u00dcber eine Spende nach eigenem Ermessen f\u00fcr den F\u00f6rderverein Gefangenenb\u00fcchereien e.V. w\u00fcrden wir uns freuen. Die Exponate, f\u00fcr deren Transport ein PKW ausreicht, m\u00fcssen auf eigene Kosten abgeholt, aufgebaut und zur\u00fcckgebracht werden.<br \/>\nIdee, Konzept und einen \u00dcberblick \u00fcber die Werke finden Sie unter: www.libertree.eu F\u00fcr weitere Informationen und ggf. Terminabsprachen sprechen Sie mich bitte an.<\/p>\n<p>&nbsp;<\/p>\n<p><a href=\"http:\/\/www.buecherbaum.eu\/wp-content\/uploads\/2011\/12\/Bildschirmfoto-2011-12-06-um-14.19.36.png\"><img loading=\"lazy\" class=\"alignleft size-full wp-image-258\" title=\"Bildschirmfoto 2011-12-06 um 14.19.36\" src=\"http:\/\/www.buecherbaum.eu\/wp-content\/uploads\/2011\/12\/Bildschirmfoto-2011-12-06-um-14.19.36.png\" alt=\"\" width=\"312\" height=\"190\" srcset=\"https:\/\/www.buecherbaum.eu\/wp-content\/uploads\/2011\/12\/Bildschirmfoto-2011-12-06-um-14.19.36.png 312w, https:\/\/www.buecherbaum.eu\/wp-content\/uploads\/2011\/12\/Bildschirmfoto-2011-12-06-um-14.19.36-300x182.png 300w\" sizes=\"(max-width: 312px) 100vw, 312px\" \/><\/a><\/p>\n","protected":false},"excerpt":{"rendered":"<p>&nbsp; Im Oktober 2010 wurde auf der Frankfurter Buchmesse die Ausstellung \u201cLIBERTREE. B\u00fccherb\u00e4ume \u00fcberbr\u00fccken Mauern\u201d gezeigt. Dieses au\u00dfergew\u00f6hnliche Projekt wurde bereits von zahlreichen Menschen rund um den Globus unterst\u00fctzt. Am Anfang stand ein Traum, der Traum von einem B\u00fccherbaum, der &hellip; <a href=\"https:\/\/www.buecherbaum.eu\/?p=257\">Continue reading <span class=\"meta-nav\">&rarr;<\/span><\/a><\/p>\n","protected":false},"author":5,"featured_media":0,"comment_status":"open","ping_status":"closed","sticky":false,"template":"","format":"standard","meta":{"ngg_post_thumbnail":0},"categories":[1],"tags":[],"_links":{"self":[{"href":"https:\/\/www.buecherbaum.eu\/index.php?rest_route=\/wp\/v2\/posts\/257"}],"collection":[{"href":"https:\/\/www.buecherbaum.eu\/index.php?rest_route=\/wp\/v2\/posts"}],"about":[{"href":"https:\/\/www.buecherbaum.eu\/index.php?rest_route=\/wp\/v2\/types\/post"}],"author":[{"embeddable":true,"href":"https:\/\/www.buecherbaum.eu\/index.php?rest_route=\/wp\/v2\/users\/5"}],"replies":[{"embeddable":true,"href":"https:\/\/www.buecherbaum.eu\/index.php?rest_route=%2Fwp%2Fv2%2Fcomments&post=257"}],"version-history":[{"count":7,"href":"https:\/\/www.buecherbaum.eu\/index.php?rest_route=\/wp\/v2\/posts\/257\/revisions"}],"predecessor-version":[{"id":282,"href":"https:\/\/www.buecherbaum.eu\/index.php?rest_route=\/wp\/v2\/posts\/257\/revisions\/282"}],"wp:attachment":[{"href":"https:\/\/www.buecherbaum.eu\/index.php?rest_route=%2Fwp%2Fv2%2Fmedia&parent=257"}],"wp:term":[{"taxonomy":"category","embeddable":true,"href":"https:\/\/www.buecherbaum.eu\/index.php?rest_route=%2Fwp%2Fv2%2Fcategories&post=257"},{"taxonomy":"post_tag","embeddable":true,"href":"https:\/\/www.buecherbaum.eu\/index.php?rest_route=%2Fwp%2Fv2%2Ftags&post=257"}],"curies":[{"name":"wp","href":"https:\/\/api.w.org\/{rel}","templated":true}]}}