{"id":321,"date":"2012-08-04T23:06:56","date_gmt":"2012-08-04T22:06:56","guid":{"rendered":"http:\/\/www.buecherbaum.eu\/?p=321"},"modified":"2012-09-26T19:39:47","modified_gmt":"2012-09-26T18:39:47","slug":"bucherbaume-uberbrucken-mauern-in-der-gutenbergstadt-mainz","status":"publish","type":"post","link":"https:\/\/www.buecherbaum.eu\/?p=321","title":{"rendered":"B\u00fccherb\u00e4ume \u00fcberbr\u00fccken Mauern in der Gutenbergstadt Mainz"},"content":{"rendered":"<div class=\"fcbkbttn_buttons_block\" id=\"fcbkbttn_left\"><div class=\"fcbkbttn_button\">\n                            <a href=\"https:\/\/www.facebook.com\/\" target=\"_blank\">\n                                <img src=\"https:\/\/www.buecherbaum.eu\/wp-content\/plugins\/facebook-button-plugin\/images\/standard-facebook-ico.png\" alt=\"Fb-Button\" \/>\n                            <\/a>\n                        <\/div><div class=\"fcbkbttn_like \"><fb:like href=\"https:\/\/www.buecherbaum.eu\/?p=321\" action=\"like\" colorscheme=\"light\" layout=\"standard\" show-faces='false' width=\"225px\" size=\"small\"><\/fb:like><\/div><\/div><p>Am 27. August 2012 wurde die Ausstellung &#8222;Libertree &#8211; B\u00fccherb\u00e4ume \u00fcberbr\u00fccken Mauern&#8220;<br \/>\nim Justizministerium der Gutenbergstadt Mainz er\u00f6ffnet und bis Ende September gezeigt.<\/p>\n","protected":false},"excerpt":{"rendered":"<p>Am 27. August 2012 wurde die Ausstellung &#8222;Libertree &#8211; B\u00fccherb\u00e4ume \u00fcberbr\u00fccken Mauern&#8220; im Justizministerium der Gutenbergstadt Mainz er\u00f6ffnet und bis Ende September gezeigt.<\/p>\n","protected":false},"author":5,"featured_media":0,"comment_status":"open","ping_status":"closed","sticky":false,"template":"","format":"standard","meta":{"ngg_post_thumbnail":0},"categories":[1],"tags":[],"_links":{"self":[{"href":"https:\/\/www.buecherbaum.eu\/index.php?rest_route=\/wp\/v2\/posts\/321"}],"collection":[{"href":"https:\/\/www.buecherbaum.eu\/index.php?rest_route=\/wp\/v2\/posts"}],"about":[{"href":"https:\/\/www.buecherbaum.eu\/index.php?rest_route=\/wp\/v2\/types\/post"}],"author":[{"embeddable":true,"href":"https:\/\/www.buecherbaum.eu\/index.php?rest_route=\/wp\/v2\/users\/5"}],"replies":[{"embeddable":true,"href":"https:\/\/www.buecherbaum.eu\/index.php?rest_route=%2Fwp%2Fv2%2Fcomments&post=321"}],"version-history":[{"count":10,"href":"https:\/\/www.buecherbaum.eu\/index.php?rest_route=\/wp\/v2\/posts\/321\/revisions"}],"predecessor-version":[{"id":326,"href":"https:\/\/www.buecherbaum.eu\/index.php?rest_route=\/wp\/v2\/posts\/321\/revisions\/326"}],"wp:attachment":[{"href":"https:\/\/www.buecherbaum.eu\/index.php?rest_route=%2Fwp%2Fv2%2Fmedia&parent=321"}],"wp:term":[{"taxonomy":"category","embeddable":true,"href":"https:\/\/www.buecherbaum.eu\/index.php?rest_route=%2Fwp%2Fv2%2Fcategories&post=321"},{"taxonomy":"post_tag","embeddable":true,"href":"https:\/\/www.buecherbaum.eu\/index.php?rest_route=%2Fwp%2Fv2%2Ftags&post=321"}],"curies":[{"name":"wp","href":"https:\/\/api.w.org\/{rel}","templated":true}]}}