{"id":332,"date":"2012-09-11T13:33:27","date_gmt":"2012-09-11T12:33:27","guid":{"rendered":"http:\/\/www.buecherbaum.eu\/?p=332"},"modified":"2012-09-26T19:31:38","modified_gmt":"2012-09-26T18:31:38","slug":"rundfunkbeitrag-auf-wdr-3","status":"publish","type":"post","link":"https:\/\/www.buecherbaum.eu\/?p=332","title":{"rendered":"Rundfunkbeitrag auf WDR 3"},"content":{"rendered":"<div class=\"fcbkbttn_buttons_block\" id=\"fcbkbttn_left\"><div class=\"fcbkbttn_button\">\n                            <a href=\"https:\/\/www.facebook.com\/\" target=\"_blank\">\n                                <img src=\"https:\/\/www.buecherbaum.eu\/wp-content\/plugins\/facebook-button-plugin\/images\/standard-facebook-ico.png\" alt=\"Fb-Button\" \/>\n                            <\/a>\n                        <\/div><div class=\"fcbkbttn_like \"><fb:like href=\"https:\/\/www.buecherbaum.eu\/?p=332\" action=\"like\" colorscheme=\"light\" layout=\"standard\" show-faces='false' width=\"225px\" size=\"small\"><\/fb:like><\/div><\/div><p><a href=\"http:\/\/www.buecherbaum.eu\/wp-content\/uploads\/2012\/09\/image001.jpg\"><img loading=\"lazy\" class=\"alignleft size-full wp-image-335\" title=\"image001\" src=\"http:\/\/www.buecherbaum.eu\/wp-content\/uploads\/2012\/09\/image001.jpg\" alt=\"\" width=\"141\" height=\"30\" \/><\/a>Hinweis auf den am 11.09.2012 gesendeten Rundfunkbeitrag auf WDR 3 mit einem\u00a0Interview zur Gefangenenb\u00fccherei M\u00fcnster vom 7. September zusammen mit Frau St\u00fcwer als B\u00fcchereibetreuerin der JVA H\u00f6velhof \u00a0durch Frau Gerk als Journalistin:<br \/>\n<a href=\"http:\/\/www.wdr3.de\/resonanzen\/details\/11.09.2012-18.08-wdr-3-resonanzen.html\">http:\/\/www.wdr3.de\/resonanzen\/details\/11.09.2012-18.08-wdr-3-resonanzen.html<\/a> :<\/p>\n<p><strong>WDR 3 Resonanzen<\/strong><strong><br \/>\n<\/strong><strong>Die Welt aus dem Blickwinkel der Kultur<\/strong><strong><br \/>\n<\/strong>Mit <a href=\"http:\/\/www.wdr3.de\/team\/moderatoren\/sascha-ziehn.html\">Sascha Ziehn<\/a> <strong><br \/>\n<\/strong>Musikangaben zu der Sendung finden Sie in der Playlist<strong><br \/>\n<\/strong><strong>Ein Thema u.a.:<\/strong><strong><br \/>\n<\/strong><strong>Trost und geistige Nahrung<\/strong><\/p>\n<p><strong>Die Gef\u00e4ngnisb\u00fccherei in M\u00fcnster<\/strong><\/p>\n<p>Bibliotheken haben viele wichtige Funktionen: Als Stadtteilbibliothek liefern sie praktisch und g\u00fcnstig Lesestoff, an Universit\u00e4ten sind sie Grundlage der Ausbildung und sie dienen uns auch als Zeitzeugen \u2013 wie die historische Anna Amalia Bibliothek in Weimar oder viele Klosterbibliotheken. Es gibt aber auch Bibliotheken, die f\u00fcr ihre Benutzer die einzige geistige Nahrung und auf jeden Fall eine Art Seelenbalsam sind. Dazu geh\u00f6ren Spezialbibliotheken wie die Patientenbibliotheken in Krankenh\u00e4usern oder Gef\u00e4ngnisb\u00fcchereien. Eine davon, die Gefangenenb\u00fccherei der JVA M\u00fcnster, wurde vor f\u00fcnf Jahren sogar zur \u201eBibliothek des Jahres\u201c gew\u00e4hlt. Zu ihren Unterst\u00fctzern geh\u00f6ren Autoren wie Bernhard Schlink, Sten Nadolny oder G\u00fcnter Kunert.<\/p>\n<p>Andrea Gerk hat die Gef\u00e4ngnisb\u00fccherei in M\u00fcnster besucht.<\/p>\n","protected":false},"excerpt":{"rendered":"<p>Hinweis auf den am 11.09.2012 gesendeten Rundfunkbeitrag auf WDR 3 mit einem\u00a0Interview zur Gefangenenb\u00fccherei M\u00fcnster vom 7. September zusammen mit Frau St\u00fcwer als B\u00fcchereibetreuerin der JVA H\u00f6velhof \u00a0durch Frau Gerk als Journalistin: http:\/\/www.wdr3.de\/resonanzen\/details\/11.09.2012-18.08-wdr-3-resonanzen.html : WDR 3 Resonanzen Die Welt aus &hellip; <a href=\"https:\/\/www.buecherbaum.eu\/?p=332\">Continue reading <span class=\"meta-nav\">&rarr;<\/span><\/a><\/p>\n","protected":false},"author":5,"featured_media":0,"comment_status":"open","ping_status":"closed","sticky":false,"template":"","format":"standard","meta":{"ngg_post_thumbnail":0},"categories":[1],"tags":[],"_links":{"self":[{"href":"https:\/\/www.buecherbaum.eu\/index.php?rest_route=\/wp\/v2\/posts\/332"}],"collection":[{"href":"https:\/\/www.buecherbaum.eu\/index.php?rest_route=\/wp\/v2\/posts"}],"about":[{"href":"https:\/\/www.buecherbaum.eu\/index.php?rest_route=\/wp\/v2\/types\/post"}],"author":[{"embeddable":true,"href":"https:\/\/www.buecherbaum.eu\/index.php?rest_route=\/wp\/v2\/users\/5"}],"replies":[{"embeddable":true,"href":"https:\/\/www.buecherbaum.eu\/index.php?rest_route=%2Fwp%2Fv2%2Fcomments&post=332"}],"version-history":[{"count":4,"href":"https:\/\/www.buecherbaum.eu\/index.php?rest_route=\/wp\/v2\/posts\/332\/revisions"}],"predecessor-version":[{"id":334,"href":"https:\/\/www.buecherbaum.eu\/index.php?rest_route=\/wp\/v2\/posts\/332\/revisions\/334"}],"wp:attachment":[{"href":"https:\/\/www.buecherbaum.eu\/index.php?rest_route=%2Fwp%2Fv2%2Fmedia&parent=332"}],"wp:term":[{"taxonomy":"category","embeddable":true,"href":"https:\/\/www.buecherbaum.eu\/index.php?rest_route=%2Fwp%2Fv2%2Fcategories&post=332"},{"taxonomy":"post_tag","embeddable":true,"href":"https:\/\/www.buecherbaum.eu\/index.php?rest_route=%2Fwp%2Fv2%2Ftags&post=332"}],"curies":[{"name":"wp","href":"https:\/\/api.w.org\/{rel}","templated":true}]}}