{"id":375,"date":"2013-04-14T12:16:53","date_gmt":"2013-04-14T11:16:53","guid":{"rendered":"http:\/\/www.buecherbaum.eu\/?p=375"},"modified":"2013-04-14T12:36:04","modified_gmt":"2013-04-14T11:36:04","slug":"libertree-ausstellung-zum-deutschen-fruhling-in-estland","status":"publish","type":"post","link":"https:\/\/www.buecherbaum.eu\/?p=375","title":{"rendered":"LIBERTREE-Ausstellung zum &#8222;Deutschen Fr\u00fchling&#8220; in Estland"},"content":{"rendered":"<div class=\"fcbkbttn_buttons_block\" id=\"fcbkbttn_left\"><div class=\"fcbkbttn_button\">\n                            <a href=\"https:\/\/www.facebook.com\/\" target=\"_blank\">\n                                <img src=\"https:\/\/www.buecherbaum.eu\/wp-content\/plugins\/facebook-button-plugin\/images\/standard-facebook-ico.png\" alt=\"Fb-Button\" \/>\n                            <\/a>\n                        <\/div><div class=\"fcbkbttn_like \"><fb:like href=\"https:\/\/www.buecherbaum.eu\/?p=375\" action=\"like\" colorscheme=\"light\" layout=\"standard\" show-faces='false' width=\"225px\" size=\"small\"><\/fb:like><\/div><\/div><p>aus: <a href=\"http:\/\/www.saksakevad.ee\/libertree-bucherbaume-uberbrucken-mauern\/?lang=de\">http:\/\/www.saksakevad.ee\/libertree-bucherbaume-uberbrucken-mauern\/?lang=de<\/a><\/p>\n<p>AUSSTELLUNG<a href=\"http:\/\/www.buecherbaum.eu\/wp-content\/uploads\/2013\/04\/Libertree-014.jpg\"><img class=\"alignleft size-full wp-image-378\" title=\"Libertree - Plakatwand in der Nationalbibliohtek Tallinn\" src=\"http:\/\/www.buecherbaum.eu\/wp-content\/uploads\/2013\/04\/Libertree-014.jpg\" alt=\"\" \/><\/a><\/p>\n<p><strong><a title=\"Link LIBERTREE \u2013 B\u00fccherb\u00e4ume \u00fcberbr\u00fccken Mauern\" href=\"http:\/\/www.saksakevad.ee\/libertree-bucherbaume-uberbrucken-mauern\/?lang=de\">LIBERTREE \u2013 B\u00fccherb\u00e4ume \u00fcberbr\u00fccken Mauern<\/a><\/strong><\/p>\n<p>Wanderausstellung \u00fcber die Bedeutung von Medienangeboten f\u00fcr Menschen in Haft.<\/p>\n<p>Die f\u00fcr die Frankfurter Buchmesse 2010 gestaltete Ausstellung des F\u00f6rdervereins Gefangenenb\u00fcchereien e.V., pr\u00e4sentiert mit 32 Bildtafeln und begleitenden Erl\u00e4uterungen, die Bedeutung von Medienangeboten f\u00fcr Menschen in Haft und Arrest. Ziel der Ausstellung ist die Anregung eines interaktiven Austauschs \u00fcber die Bedeutung von B\u00fcchern und Medien f\u00fcr Menschen in Haft und Arrest.<\/p>\n<p>DATUM: \u00a0\u00a0\u00a0\u00a0\u00a0\u00a0\u00a0 \u00a0\u00a0\u00a0\u00a0\u00a0\u00a0\u00a0\u00a0\u00a0\u00a0\u00a0 10. Apr &#8211; 31. Mai<br \/>\nPREIS: \u00a0\u00a0\u00a0\u00a0\u00a0\u00a0\u00a0\u00a0\u00a0\u00a0 \u00a0\u00a0\u00a0\u00a0\u00a0\u00a0\u00a0\u00a0\u00a0\u00a0\u00a0 Frei<\/p>\n<p>ORT:\u00a0\u00a0\u00a0\u00a0\u00a0\u00a0\u00a0\u00a0\u00a0\u00a0\u00a0\u00a0\u00a0\u00a0 \u00a0\u00a0\u00a0\u00a0\u00a0\u00a0\u00a0\u00a0\u00a0\u00a0\u00a0 Estnische Nationalbilbiothek<\/p>\n<p>ADRESSE:\u00a0\u00a0\u00a0\u00a0\u00a0 \u00a0\u00a0\u00a0\u00a0\u00a0\u00a0\u00a0\u00a0\u00a0\u00a0\u00a0 T\u00f5nism\u00e4gi 2, Tallinn<\/p>\n<p>VERANSTALTER:\u00a0\u00a0\u00a0\u00a0\u00a0 Deutsche Bibliothek in der Estnischen Nationalbibliothek<\/p>\n<p>&nbsp;<\/p>\n<h2>GRUSSWORT<\/h2>\n<p><em>Christian Matthias Schlaga<\/em><\/p>\n<p><strong><em>Botschafter der Bundesrepublik Deutschland in Estland<\/em><\/strong><em><\/em><\/p>\n<p><strong>Liebe Leserinnen und Leser, <\/strong><strong><br \/>\n<\/strong><strong>li<\/strong><strong>ebe Freunde Deutschlands und der deutschen Sprache,<\/strong><strong><br \/>\n<\/strong><br \/>\nder Winter geht und der \u201eDeutsche Fr\u00fchling\u201c kommt. Auch 2013 laden wir Sie ein, einen Monat lang Deutschland in seinen vielen Facetten kennen zu lernen. Ganz gleich, ob Sie sich f\u00fcr Ausstellungen, Konzerte, wissenschaftliche Themen, M\u00f6glichkeiten f\u00fcr Ihre pers\u00f6nliche Karriere oder die deutsche Sprache interessieren: wir haben sicher auch etwas f\u00fcr Sie im vielf\u00e4ltigen Programm.<\/p>\n<p>..<\/p>\n<p>Ich lade Sie herzlich ein, mit dem \u201eDeutschen Fr\u00fchling\u201c Deutschland und seine Partner in Estland kennen zu lernen. Unsere Website unter www.saksakevad.ee hilft Ihnen, sich aus den \u00fcber 70 Veranstaltungen das Passende auszusuchen!<\/p>\n<p>Genie\u00dfen Sie den Fr\u00fchling mit uns!<\/p>\n<p><strong><em>Christian Matthias Schlaga<\/em><\/strong><em><br \/>\nBotschafter der Bundesrepublik Deutschland in Estland<br \/>\n<\/em><\/p>\n","protected":false},"excerpt":{"rendered":"<p>aus: http:\/\/www.saksakevad.ee\/libertree-bucherbaume-uberbrucken-mauern\/?lang=de AUSSTELLUNG LIBERTREE \u2013 B\u00fccherb\u00e4ume \u00fcberbr\u00fccken Mauern Wanderausstellung \u00fcber die Bedeutung von Medienangeboten f\u00fcr Menschen in Haft. Die f\u00fcr die Frankfurter Buchmesse 2010 gestaltete Ausstellung des F\u00f6rdervereins Gefangenenb\u00fcchereien e.V., pr\u00e4sentiert mit 32 Bildtafeln und begleitenden Erl\u00e4uterungen, die Bedeutung von &hellip; <a href=\"https:\/\/www.buecherbaum.eu\/?p=375\">Continue reading <span class=\"meta-nav\">&rarr;<\/span><\/a><\/p>\n","protected":false},"author":5,"featured_media":0,"comment_status":"open","ping_status":"closed","sticky":false,"template":"","format":"standard","meta":{"ngg_post_thumbnail":0},"categories":[1],"tags":[],"_links":{"self":[{"href":"https:\/\/www.buecherbaum.eu\/index.php?rest_route=\/wp\/v2\/posts\/375"}],"collection":[{"href":"https:\/\/www.buecherbaum.eu\/index.php?rest_route=\/wp\/v2\/posts"}],"about":[{"href":"https:\/\/www.buecherbaum.eu\/index.php?rest_route=\/wp\/v2\/types\/post"}],"author":[{"embeddable":true,"href":"https:\/\/www.buecherbaum.eu\/index.php?rest_route=\/wp\/v2\/users\/5"}],"replies":[{"embeddable":true,"href":"https:\/\/www.buecherbaum.eu\/index.php?rest_route=%2Fwp%2Fv2%2Fcomments&post=375"}],"version-history":[{"count":6,"href":"https:\/\/www.buecherbaum.eu\/index.php?rest_route=\/wp\/v2\/posts\/375\/revisions"}],"predecessor-version":[{"id":381,"href":"https:\/\/www.buecherbaum.eu\/index.php?rest_route=\/wp\/v2\/posts\/375\/revisions\/381"}],"wp:attachment":[{"href":"https:\/\/www.buecherbaum.eu\/index.php?rest_route=%2Fwp%2Fv2%2Fmedia&parent=375"}],"wp:term":[{"taxonomy":"category","embeddable":true,"href":"https:\/\/www.buecherbaum.eu\/index.php?rest_route=%2Fwp%2Fv2%2Fcategories&post=375"},{"taxonomy":"post_tag","embeddable":true,"href":"https:\/\/www.buecherbaum.eu\/index.php?rest_route=%2Fwp%2Fv2%2Ftags&post=375"}],"curies":[{"name":"wp","href":"https:\/\/api.w.org\/{rel}","templated":true}]}}