{"id":403,"date":"2015-09-02T22:27:53","date_gmt":"2015-09-02T21:27:53","guid":{"rendered":"http:\/\/www.buecherbaum.eu\/?p=403"},"modified":"2015-09-02T22:27:53","modified_gmt":"2015-09-02T21:27:53","slug":"ausstellung-wandert-von-coesfeld-nach-hurth","status":"publish","type":"post","link":"https:\/\/www.buecherbaum.eu\/?p=403","title":{"rendered":"Ausstellung wandert von Coesfeld nach H\u00fcrth"},"content":{"rendered":"<div class=\"fcbkbttn_buttons_block\" id=\"fcbkbttn_left\"><div class=\"fcbkbttn_button\">\n                            <a href=\"https:\/\/www.facebook.com\/\" target=\"_blank\">\n                                <img src=\"https:\/\/www.buecherbaum.eu\/wp-content\/plugins\/facebook-button-plugin\/images\/standard-facebook-ico.png\" alt=\"Fb-Button\" \/>\n                            <\/a>\n                        <\/div><div class=\"fcbkbttn_like \"><fb:like href=\"https:\/\/www.buecherbaum.eu\/?p=403\" action=\"like\" colorscheme=\"light\" layout=\"standard\" show-faces='false' width=\"225px\" size=\"small\"><\/fb:like><\/div><\/div><p>Nachdem die Ausstellung Mai bis Juni 2015 in der Stadtbibliothek Coesfeld pr\u00e4sentiert wurde wandert sie im Herbst nach H\u00fcrth:<\/p>\n<p>Am <strong>1.10.2015 <\/strong>um 11 Uhr werden die <strong>Ausstellungen \u201eLibertree &#8211; B\u00fccherb\u00e4ume \u00fcberbr\u00fccken Mauern\u201c und \u201eLesen verbindet &#8211; Alphabetisierung als Menschenrecht&#8220; in der Stadtb\u00fccherei H\u00fcrth<\/strong> er\u00f6ffnet:<br \/>\nStadtb\u00fccherei der Stadt H\u00fcrth, Friedrich-Ebert-Stra\u00dfe 40, 50354 H\u00fcrth-Herm\u00fclheim,<br \/>\nim B\u00fcrgerhaus, Information: Tel.: 02233 \/ 53-390.<br \/>\nWillkommen dazu!<\/p>\n<p>Siehe: <a href=\"http:\/\/www.vhs-rhein-erft.de\/index.php?id=48&amp;kathaupt=11&amp;knr=152-1014&amp;katid=17\">http:\/\/www.vhs-rhein-erft.de\/index.php?id=48&amp;kathaupt=11&amp;knr=152-1014&amp;katid=17<\/a><\/p>\n<p>&nbsp;<\/p>\n","protected":false},"excerpt":{"rendered":"<p>Nachdem die Ausstellung Mai bis Juni 2015 in der Stadtbibliothek Coesfeld pr\u00e4sentiert wurde wandert sie im Herbst nach H\u00fcrth: Am 1.10.2015 um 11 Uhr werden die Ausstellungen \u201eLibertree &#8211; B\u00fccherb\u00e4ume \u00fcberbr\u00fccken Mauern\u201c und \u201eLesen verbindet &#8211; Alphabetisierung als Menschenrecht&#8220; in &hellip; <a href=\"https:\/\/www.buecherbaum.eu\/?p=403\">Continue reading <span class=\"meta-nav\">&rarr;<\/span><\/a><\/p>\n","protected":false},"author":5,"featured_media":0,"comment_status":"open","ping_status":"closed","sticky":false,"template":"","format":"standard","meta":{"ngg_post_thumbnail":0},"categories":[1],"tags":[],"_links":{"self":[{"href":"https:\/\/www.buecherbaum.eu\/index.php?rest_route=\/wp\/v2\/posts\/403"}],"collection":[{"href":"https:\/\/www.buecherbaum.eu\/index.php?rest_route=\/wp\/v2\/posts"}],"about":[{"href":"https:\/\/www.buecherbaum.eu\/index.php?rest_route=\/wp\/v2\/types\/post"}],"author":[{"embeddable":true,"href":"https:\/\/www.buecherbaum.eu\/index.php?rest_route=\/wp\/v2\/users\/5"}],"replies":[{"embeddable":true,"href":"https:\/\/www.buecherbaum.eu\/index.php?rest_route=%2Fwp%2Fv2%2Fcomments&post=403"}],"version-history":[{"count":6,"href":"https:\/\/www.buecherbaum.eu\/index.php?rest_route=\/wp\/v2\/posts\/403\/revisions"}],"predecessor-version":[{"id":409,"href":"https:\/\/www.buecherbaum.eu\/index.php?rest_route=\/wp\/v2\/posts\/403\/revisions\/409"}],"wp:attachment":[{"href":"https:\/\/www.buecherbaum.eu\/index.php?rest_route=%2Fwp%2Fv2%2Fmedia&parent=403"}],"wp:term":[{"taxonomy":"category","embeddable":true,"href":"https:\/\/www.buecherbaum.eu\/index.php?rest_route=%2Fwp%2Fv2%2Fcategories&post=403"},{"taxonomy":"post_tag","embeddable":true,"href":"https:\/\/www.buecherbaum.eu\/index.php?rest_route=%2Fwp%2Fv2%2Ftags&post=403"}],"curies":[{"name":"wp","href":"https:\/\/api.w.org\/{rel}","templated":true}]}}